{"id":6632,"date":"2021-01-20T15:42:37","date_gmt":"2021-01-20T14:42:37","guid":{"rendered":"http:\/\/www.intec-international.com\/?p=6632"},"modified":"2021-04-06T14:22:43","modified_gmt":"2021-04-06T12:22:43","slug":"teamverstaerkung-bei-der-intec-international-gmbh","status":"publish","type":"post","link":"https:\/\/www.intec-international.com\/en\/2021\/01\/teamverstaerkung-bei-der-intec-international-gmbh\/","title":{"rendered":"Teamverst\u00e4rkung bei der INTEC International GmbH!"},"content":{"rendered":"<div class=\"wp-block-media-text alignwide is-stacked-on-mobile is-vertically-aligned-center\" style=\"grid-template-columns:39% auto\"><figure class=\"wp-block-media-text__media\"><img loading=\"lazy\" decoding=\"async\" width=\"1741\" height=\"1222\" src=\"http:\/\/www.intec-international.com\/wp-content\/uploads\/2020\/10\/Ivona-und-David-1.jpg\" alt=\"\" class=\"wp-image-6151 size-full\" srcset=\"https:\/\/www.intec-international.com\/wp-content\/uploads\/2020\/10\/Ivona-und-David-1.jpg 1741w, https:\/\/www.intec-international.com\/wp-content\/uploads\/2020\/10\/Ivona-und-David-1-300x211.jpg 300w, https:\/\/www.intec-international.com\/wp-content\/uploads\/2020\/10\/Ivona-und-David-1-768x539.jpg 768w, https:\/\/www.intec-international.com\/wp-content\/uploads\/2020\/10\/Ivona-und-David-1-1536x1078.jpg 1536w\" sizes=\"auto, (max-width: 1741px) 100vw, 1741px\" \/><\/figure><div class=\"wp-block-media-text__content\">\n<p class=\"has-medium-font-size\"><strong>Ivona als IT-Systemkauffrau<\/strong><\/p>\n\n\n\n<p class=\"has-medium-font-size\">\u201eIch bin sehr froh, dass ich bei der INTEC einen Ausbildungsplatz bekommen habe. Die Kollegen sind sehr nett, freundlich und immer bereit zu helfen. Ich bin mir sicher, dass ich viel \u00fcber das innovative Umfeld des Industrie 4.0-Zeitalters lernen werde.<br>Bis jetzt habe ich so viele Dinge gemacht und gelernt, jeder Tag bringt etwas Neues und Interessantes. Aber ich habe noch einen langen Weg vor mir. Ich freue mich auf die drei kommenden Jahre und werde diese Zeit sicher gut nutzen.\u201c<\/p>\n\n\n\n<p class=\"has-medium-font-size\"><strong>David als Fachinformatiker (Anwendungsentwicklung)<\/strong><\/p>\n\n\n\n<p class=\"has-medium-font-size\">\u201eIch habe das Gef\u00fchl, dass ich bei INTEC sehr gut aufgehoben bin. Man lernt viel, wird unterst\u00fctzt und ich hatte direkt das Gef\u00fchl hier mehr als willkommen zu sein. Auch die Hard-und Software-L\u00f6sungen sind sehr interessant und es macht Spa\u00df, daran zu arbeiten. Dementsprechend freue ich mich auf die n\u00e4chsten Jahre der Ausbildung hier bei der INTEC.\u201c<\/p>\n<\/div><\/div>","protected":false},"excerpt":{"rendered":"<p>Ivona als IT-Systemkauffrau \u201eIch bin sehr froh, dass ich bei der INTEC einen Ausbildungsplatz bekommen habe. Die Kollegen sind sehr nett, freundlich und immer bereit zu helfen. Ich bin mir sicher, dass ich viel \u00fcber das innovative Umfeld des Industrie 4.0-Zeitalters lernen werde.Bis jetzt habe ich so viele Dinge gemacht [&hellip;]<\/p>","protected":false},"author":2,"featured_media":0,"comment_status":"closed","ping_status":"open","sticky":false,"template":"","format":"standard","meta":{"_eb_attr":"","_monsterinsights_skip_tracking":false,"_monsterinsights_sitenote_active":false,"_monsterinsights_sitenote_note":"","_monsterinsights_sitenote_category":0,"footnotes":""},"categories":[1],"tags":[70,71,72,69],"class_list":["post-6632","post","type-post","status-publish","format-standard","hentry","category-unkategorisiert","tag-ausbildung","tag-ausbildungsbetrieb","tag-fachkraft","tag-team"],"yoast_head":"<!-- This site is optimized with the Yoast SEO plugin v26.8 - https:\/\/yoast.com\/product\/yoast-seo-wordpress\/ -->\n<title>Teamverst\u00e4rkung bei der INTEC International GmbH! - INTEC International GmbH<\/title>\n<meta name=\"robots\" content=\"index, follow, max-snippet:-1, max-image-preview:large, max-video-preview:-1\" \/>\n<link rel=\"canonical\" href=\"https:\/\/www.intec-international.com\/en\/2021\/01\/teamverstaerkung-bei-der-intec-international-gmbh\/\" \/>\n<meta property=\"og:locale\" content=\"en_GB\" \/>\n<meta property=\"og:type\" content=\"article\" \/>\n<meta property=\"og:title\" content=\"Teamverst\u00e4rkung bei der INTEC International GmbH! - INTEC International GmbH\" \/>\n<meta property=\"og:description\" content=\"Ivona als IT-Systemkauffrau \u201eIch bin sehr froh, dass ich bei der INTEC einen Ausbildungsplatz bekommen habe. Die Kollegen sind sehr nett, freundlich und immer bereit zu helfen. Ich bin mir sicher, dass ich viel \u00fcber das innovative Umfeld des Industrie 4.0-Zeitalters lernen werde.Bis jetzt habe ich so viele Dinge gemacht [&hellip;]\" \/>\n<meta property=\"og:url\" content=\"https:\/\/www.intec-international.com\/en\/2021\/01\/teamverstaerkung-bei-der-intec-international-gmbh\/\" \/>\n<meta property=\"og:site_name\" content=\"INTEC International GmbH\" \/>\n<meta property=\"article:published_time\" content=\"2021-01-20T14:42:37+00:00\" \/>\n<meta property=\"article:modified_time\" content=\"2021-04-06T12:22:43+00:00\" \/>\n<meta property=\"og:image\" content=\"http:\/\/www.intec-international.com\/wp-content\/uploads\/2020\/10\/Ivona-und-David-1.jpg\" \/>\n<meta name=\"author\" content=\"Ludovica Angieri\" \/>\n<meta name=\"twitter:card\" content=\"summary_large_image\" \/>\n<meta name=\"twitter:label1\" content=\"Written by\" \/>\n\t<meta name=\"twitter:data1\" content=\"Ludovica Angieri\" \/>\n\t<meta name=\"twitter:label2\" content=\"Estimated reading time\" \/>\n\t<meta name=\"twitter:data2\" content=\"1 minute\" \/>\n<!-- \/ Yoast SEO plugin. -->","yoast_head_json":{"title":"Teamverst\u00e4rkung bei der INTEC International GmbH! - INTEC International GmbH","robots":{"index":"index","follow":"follow","max-snippet":"max-snippet:-1","max-image-preview":"max-image-preview:large","max-video-preview":"max-video-preview:-1"},"canonical":"https:\/\/www.intec-international.com\/en\/2021\/01\/teamverstaerkung-bei-der-intec-international-gmbh\/","og_locale":"en_GB","og_type":"article","og_title":"Teamverst\u00e4rkung bei der INTEC International GmbH! - INTEC International GmbH","og_description":"Ivona als IT-Systemkauffrau \u201eIch bin sehr froh, dass ich bei der INTEC einen Ausbildungsplatz bekommen habe. Die Kollegen sind sehr nett, freundlich und immer bereit zu helfen. Ich bin mir sicher, dass ich viel \u00fcber das innovative Umfeld des Industrie 4.0-Zeitalters lernen werde.Bis jetzt habe ich so viele Dinge gemacht [&hellip;]","og_url":"https:\/\/www.intec-international.com\/en\/2021\/01\/teamverstaerkung-bei-der-intec-international-gmbh\/","og_site_name":"INTEC International GmbH","article_published_time":"2021-01-20T14:42:37+00:00","article_modified_time":"2021-04-06T12:22:43+00:00","og_image":[{"url":"http:\/\/www.intec-international.com\/wp-content\/uploads\/2020\/10\/Ivona-und-David-1.jpg","type":"","width":"","height":""}],"author":"Ludovica Angieri","twitter_card":"summary_large_image","twitter_misc":{"Written by":"Ludovica Angieri","Estimated reading time":"1 minute"},"schema":{"@context":"https:\/\/schema.org","@graph":[{"@type":"Article","@id":"https:\/\/www.intec-international.com\/2021\/01\/teamverstaerkung-bei-der-intec-international-gmbh\/#article","isPartOf":{"@id":"https:\/\/www.intec-international.com\/2021\/01\/teamverstaerkung-bei-der-intec-international-gmbh\/"},"author":{"name":"Ludovica Angieri","@id":"https:\/\/www.intec-international.com\/#\/schema\/person\/0402f915c7f868703aebee1fac4ecf6b"},"headline":"Teamverst\u00e4rkung bei der INTEC International GmbH!","datePublished":"2021-01-20T14:42:37+00:00","dateModified":"2021-04-06T12:22:43+00:00","mainEntityOfPage":{"@id":"https:\/\/www.intec-international.com\/2021\/01\/teamverstaerkung-bei-der-intec-international-gmbh\/"},"wordCount":157,"publisher":{"@id":"https:\/\/www.intec-international.com\/#organization"},"image":{"@id":"https:\/\/www.intec-international.com\/2021\/01\/teamverstaerkung-bei-der-intec-international-gmbh\/#primaryimage"},"thumbnailUrl":"http:\/\/www.intec-international.com\/wp-content\/uploads\/2020\/10\/Ivona-und-David-1.jpg","keywords":["Ausbildung","Ausbildungsbetrieb","Fachkraft","Team"],"articleSection":["Unkategorisiert"],"inLanguage":"en-GB"},{"@type":"WebPage","@id":"https:\/\/www.intec-international.com\/2021\/01\/teamverstaerkung-bei-der-intec-international-gmbh\/","url":"https:\/\/www.intec-international.com\/2021\/01\/teamverstaerkung-bei-der-intec-international-gmbh\/","name":"Teamverst\u00e4rkung bei der INTEC International GmbH! - INTEC International GmbH","isPartOf":{"@id":"https:\/\/www.intec-international.com\/#website"},"primaryImageOfPage":{"@id":"https:\/\/www.intec-international.com\/2021\/01\/teamverstaerkung-bei-der-intec-international-gmbh\/#primaryimage"},"image":{"@id":"https:\/\/www.intec-international.com\/2021\/01\/teamverstaerkung-bei-der-intec-international-gmbh\/#primaryimage"},"thumbnailUrl":"http:\/\/www.intec-international.com\/wp-content\/uploads\/2020\/10\/Ivona-und-David-1.jpg","datePublished":"2021-01-20T14:42:37+00:00","dateModified":"2021-04-06T12:22:43+00:00","breadcrumb":{"@id":"https:\/\/www.intec-international.com\/2021\/01\/teamverstaerkung-bei-der-intec-international-gmbh\/#breadcrumb"},"inLanguage":"en-GB","potentialAction":[{"@type":"ReadAction","target":["https:\/\/www.intec-international.com\/2021\/01\/teamverstaerkung-bei-der-intec-international-gmbh\/"]}]},{"@type":"ImageObject","inLanguage":"en-GB","@id":"https:\/\/www.intec-international.com\/2021\/01\/teamverstaerkung-bei-der-intec-international-gmbh\/#primaryimage","url":"http:\/\/www.intec-international.com\/wp-content\/uploads\/2020\/10\/Ivona-und-David-1.jpg","contentUrl":"http:\/\/www.intec-international.com\/wp-content\/uploads\/2020\/10\/Ivona-und-David-1.jpg"},{"@type":"BreadcrumbList","@id":"https:\/\/www.intec-international.com\/2021\/01\/teamverstaerkung-bei-der-intec-international-gmbh\/#breadcrumb","itemListElement":[{"@type":"ListItem","position":1,"name":"Startseite","item":"https:\/\/www.intec-international.com\/"},{"@type":"ListItem","position":2,"name":"Teamverst\u00e4rkung bei der INTEC International GmbH!"}]},{"@type":"WebSite","@id":"https:\/\/www.intec-international.com\/#website","url":"https:\/\/www.intec-international.com\/","name":"INTEC International GmbH","description":"MDE &amp; Remote Service - Digitalisierung der Produktion - INTEC","publisher":{"@id":"https:\/\/www.intec-international.com\/#organization"},"potentialAction":[{"@type":"SearchAction","target":{"@type":"EntryPoint","urlTemplate":"https:\/\/www.intec-international.com\/?s={search_term_string}"},"query-input":{"@type":"PropertyValueSpecification","valueRequired":true,"valueName":"search_term_string"}}],"inLanguage":"en-GB"},{"@type":"Organization","@id":"https:\/\/www.intec-international.com\/#organization","name":"INTEC International GmbH","url":"https:\/\/www.intec-international.com\/","logo":{"@type":"ImageObject","inLanguage":"en-GB","@id":"https:\/\/www.intec-international.com\/#\/schema\/logo\/image\/","url":"https:\/\/www.intec-international.com\/wp-content\/uploads\/2020\/10\/cropped-INTEC-ohne-Hintergrund.gif","contentUrl":"https:\/\/www.intec-international.com\/wp-content\/uploads\/2020\/10\/cropped-INTEC-ohne-Hintergrund.gif","width":574,"height":369,"caption":"INTEC International GmbH"},"image":{"@id":"https:\/\/www.intec-international.com\/#\/schema\/logo\/image\/"}},{"@type":"Person","@id":"https:\/\/www.intec-international.com\/#\/schema\/person\/0402f915c7f868703aebee1fac4ecf6b","name":"Ludovica Angieri","image":{"@type":"ImageObject","inLanguage":"en-GB","@id":"https:\/\/www.intec-international.com\/#\/schema\/person\/image\/","url":"https:\/\/secure.gravatar.com\/avatar\/e5e30aaca1dac93690f81645763740ef0a28cb29111af68ed6285e093d0ff8dd?s=96&d=mm&r=g","contentUrl":"https:\/\/secure.gravatar.com\/avatar\/e5e30aaca1dac93690f81645763740ef0a28cb29111af68ed6285e093d0ff8dd?s=96&d=mm&r=g","caption":"Ludovica Angieri"},"url":"https:\/\/www.intec-international.com\/en\/author\/lan\/"}]}},"_links":{"self":[{"href":"https:\/\/www.intec-international.com\/en\/wp-json\/wp\/v2\/posts\/6632","targetHints":{"allow":["GET"]}}],"collection":[{"href":"https:\/\/www.intec-international.com\/en\/wp-json\/wp\/v2\/posts"}],"about":[{"href":"https:\/\/www.intec-international.com\/en\/wp-json\/wp\/v2\/types\/post"}],"author":[{"embeddable":true,"href":"https:\/\/www.intec-international.com\/en\/wp-json\/wp\/v2\/users\/2"}],"replies":[{"embeddable":true,"href":"https:\/\/www.intec-international.com\/en\/wp-json\/wp\/v2\/comments?post=6632"}],"version-history":[{"count":3,"href":"https:\/\/www.intec-international.com\/en\/wp-json\/wp\/v2\/posts\/6632\/revisions"}],"predecessor-version":[{"id":7012,"href":"https:\/\/www.intec-international.com\/en\/wp-json\/wp\/v2\/posts\/6632\/revisions\/7012"}],"wp:attachment":[{"href":"https:\/\/www.intec-international.com\/en\/wp-json\/wp\/v2\/media?parent=6632"}],"wp:term":[{"taxonomy":"category","embeddable":true,"href":"https:\/\/www.intec-international.com\/en\/wp-json\/wp\/v2\/categories?post=6632"},{"taxonomy":"post_tag","embeddable":true,"href":"https:\/\/www.intec-international.com\/en\/wp-json\/wp\/v2\/tags?post=6632"}],"curies":[{"name":"wp","href":"https:\/\/api.w.org\/{rel}","templated":true}]}}